{"id":1339,"date":"2024-02-20T11:27:59","date_gmt":"2024-02-20T10:27:59","guid":{"rendered":"https:\/\/www.emergences-audelefranc.com\/?p=1339"},"modified":"2024-03-27T18:16:15","modified_gmt":"2024-03-27T17:16:15","slug":"actu-formation-les-fondamentaux-du-management","status":"publish","type":"post","link":"https:\/\/www.emergences-audelefranc.com\/index.php\/2024\/02\/20\/actu-formation-les-fondamentaux-du-management\/","title":{"rendered":"Formation \u00ab\u00a0les fondamentaux du management\u00a0\u00bb"},"content":{"rendered":"\r\n<div class=\"vce-row-container\">\r\n<div id=\"el-a1e1c49f\" class=\"vce-row vce-row--col-gap-30 vce-row-columns--top vce-row-content--top\" data-vce-do-apply=\"all el-a1e1c49f\">\r\n<div class=\"vce-row-content\" data-vce-element-content=\"true\">\r\n<div id=\"el-462245e0\" class=\"vce-col vce-col--md-auto vce-col--xs-1 vce-col--xs-last vce-col--xs-first vce-col--sm-last vce-col--sm-first vce-col--md-last vce-col--lg-last vce-col--xl-last vce-col--md-first vce-col--lg-first vce-col--xl-first\">\r\n<div class=\"vce-col-inner\" data-vce-do-apply=\"border margin background el-462245e0\">\r\n<div class=\"vce-col-content\" data-vce-element-content=\"true\" data-vce-do-apply=\"padding el-462245e0\">\r\n<div class=\"vce-text-block\">\r\n<div id=\"el-4d2971fa\" class=\"vce-text-block-wrapper vce\" data-vce-do-apply=\"all el-4d2971fa\">\r\n<h2><img class=\" wp-image-1329 aligncenter\" src=\"https:\/\/www.emergences-audelefranc.com\/wp-content\/uploads\/2020\/11\/72d2ef0914bfdbf276b40c5cb84854d6-780x405-1-300x156.jpg\" alt=\"\" width=\"373\" height=\"194\" \/><\/h2>\r\n<h2><\/h2>\r\n<strong>Formation professionnelle pour les managers.<\/strong>\r\n\r\n<strong>Les objectifs :<\/strong>\r\n<ul>\r\n \t<li>Acqu\u00e9rir les fondamentaux du manager : r\u00f4le, positionnement, outils<\/li>\r\n \t<li>Questionner sa pratique et d\u00e9velopper sa posture de manager.<\/li>\r\n \t<li>D\u00e9couvrir les leviers de la gestion de projet pour prendre de la hauteur.<\/li>\r\n \t<li>Acqu\u00e9rir des outils de communication interpersonnelle pour clarifier et fluidifier les \u00e9changes.<\/li>\r\n \t<li>D\u00e9velopper son assertivit\u00e9, son affirmation de soi pour se positionner avec justesse dans les interrelations.<\/li>\r\n \t<li>Acqu\u00e9rir des outils de r\u00e9solution de probl\u00e8me, gestion de conflit, recadrage\u2026<\/li>\r\n<\/ul>\r\n<strong>Modalit\u00e9s :<\/strong> petit groupe (max 6 stagiaires) - inter entreprise, formation en distanciel et e-learning.\r\n\r\n<strong>Tarifs :<\/strong> 640\u20acHT les deux journ\u00e9es de formation. Prise en charge OPCO possible.\r\n\r\n<strong>Inscriptions et renseignements :<\/strong> Cabinet Emergences \u2013 Coaching&amp;Formation \u2013 06 77 86 42 72 contact@emergences-audelefranc.com\r\n\r\n<\/div>\r\n<\/div>\r\n<\/div>\r\n<\/div>\r\n<\/div>\r\n<\/div>\r\n<\/div>\r\n<\/div>\r\n\n","protected":false},"excerpt":{"rendered":"<p>Formation professionnelle pour les managers. Les objectifs : Acqu\u00e9rir les fondamentaux du manager : r\u00f4le, positionnement, outils Questionner sa pratique et d\u00e9velopper sa posture de manager. D\u00e9couvrir les leviers de la gestion de projet pour prendre de la hauteur. Acqu\u00e9rir des outils de communication interpersonnelle&#8230;<\/p>\n","protected":false},"author":3,"featured_media":1329,"comment_status":"closed","ping_status":"closed","sticky":false,"template":"","format":"standard","meta":[],"categories":[5,1],"tags":[],"_links":{"self":[{"href":"https:\/\/www.emergences-audelefranc.com\/index.php\/wp-json\/wp\/v2\/posts\/1339"}],"collection":[{"href":"https:\/\/www.emergences-audelefranc.com\/index.php\/wp-json\/wp\/v2\/posts"}],"about":[{"href":"https:\/\/www.emergences-audelefranc.com\/index.php\/wp-json\/wp\/v2\/types\/post"}],"author":[{"embeddable":true,"href":"https:\/\/www.emergences-audelefranc.com\/index.php\/wp-json\/wp\/v2\/users\/3"}],"replies":[{"embeddable":true,"href":"https:\/\/www.emergences-audelefranc.com\/index.php\/wp-json\/wp\/v2\/comments?post=1339"}],"version-history":[{"count":6,"href":"https:\/\/www.emergences-audelefranc.com\/index.php\/wp-json\/wp\/v2\/posts\/1339\/revisions"}],"predecessor-version":[{"id":1647,"href":"https:\/\/www.emergences-audelefranc.com\/index.php\/wp-json\/wp\/v2\/posts\/1339\/revisions\/1647"}],"wp:featuredmedia":[{"embeddable":true,"href":"https:\/\/www.emergences-audelefranc.com\/index.php\/wp-json\/wp\/v2\/media\/1329"}],"wp:attachment":[{"href":"https:\/\/www.emergences-audelefranc.com\/index.php\/wp-json\/wp\/v2\/media?parent=1339"}],"wp:term":[{"taxonomy":"category","embeddable":true,"href":"https:\/\/www.emergences-audelefranc.com\/index.php\/wp-json\/wp\/v2\/categories?post=1339"},{"taxonomy":"post_tag","embeddable":true,"href":"https:\/\/www.emergences-audelefranc.com\/index.php\/wp-json\/wp\/v2\/tags?post=1339"}],"curies":[{"name":"wp","href":"https:\/\/api.w.org\/{rel}","templated":true}]}}